{"id":1081,"date":"2023-06-15T15:48:52","date_gmt":"2023-06-15T13:48:52","guid":{"rendered":"https:\/\/www.lesjardinsdejosephine.fr\/2023\/06\/15\/les-nenuphars-des-jardins-de-josephine\/"},"modified":"2023-10-19T16:54:11","modified_gmt":"2023-10-19T14:54:11","slug":"les-nenuphars-des-jardins-de-josephine","status":"publish","type":"post","link":"https:\/\/www.lesjardinsdejosephine.fr\/en\/2023\/06\/15\/les-nenuphars-des-jardins-de-josephine\/","title":{"rendered":"The water lilies of the Jardins de Jos\u00e9phine: art and poetry"},"content":{"rendered":"","protected":false},"excerpt":{"rendered":"","protected":false},"author":2,"featured_media":0,"comment_status":"open","ping_status":"open","sticky":false,"template":"","format":"standard","meta":{"_acf_changed":false,"footnotes":""},"categories":[1],"tags":[],"class_list":["post-1081","post","type-post","status-publish","format-standard","hentry","category-non-classifiee"],"acf":[],"yoast_head":"<!-- This site is optimized with the Yoast SEO plugin v27.5 - https:\/\/yoast.com\/product\/yoast-seo-wordpress\/ -->\n<title>The water lilies of the Jardins de Jos\u00e9phine: art and poetry - Les jardins de Jos\u00e9phine<\/title>\n<meta name=\"description\" content=\"Les n\u00e9nuphars ont \u00e9clos dans le bassin des Jardins de Jos\u00e9phine, vestige historique de l\u2019ancien Jardin de Navarre pens\u00e9 par Andr\u00e9 Le N\u00f4tre.\" \/>\n<meta name=\"robots\" content=\"index, follow, max-snippet:-1, max-image-preview:large, max-video-preview:-1\" \/>\n<link rel=\"canonical\" href=\"https:\/\/www.lesjardinsdejosephine.fr\/en\/2023\/06\/15\/les-nenuphars-des-jardins-de-josephine\/\" \/>\n<meta property=\"og:locale\" content=\"en_US\" \/>\n<meta property=\"og:type\" content=\"article\" \/>\n<meta property=\"og:title\" content=\"The water lilies of the Jardins de Jos\u00e9phine: art and poetry - Les jardins de Jos\u00e9phine\" \/>\n<meta property=\"og:description\" content=\"Les n\u00e9nuphars ont \u00e9clos dans le bassin des Jardins de Jos\u00e9phine, vestige historique de l\u2019ancien Jardin de Navarre pens\u00e9 par Andr\u00e9 Le N\u00f4tre.\" \/>\n<meta property=\"og:url\" content=\"https:\/\/www.lesjardinsdejosephine.fr\/en\/2023\/06\/15\/les-nenuphars-des-jardins-de-josephine\/\" \/>\n<meta property=\"og:site_name\" content=\"Les jardins de Jos\u00e9phine\" \/>\n<meta property=\"article:publisher\" content=\"https:\/\/www.facebook.com\/LesJardinsDeJosephine.Evreux\/\" \/>\n<meta property=\"article:published_time\" content=\"2023-06-15T13:48:52+00:00\" \/>\n<meta property=\"article:modified_time\" content=\"2023-10-19T14:54:11+00:00\" \/>\n<meta name=\"author\" content=\"pdelugeau@legoupil-industrie.com\" \/>\n<meta name=\"twitter:card\" content=\"summary_large_image\" \/>\n<meta name=\"twitter:label1\" content=\"Written by\" \/>\n\t<meta name=\"twitter:data1\" content=\"pdelugeau@legoupil-industrie.com\" \/>\n<script type=\"application\/ld+json\" class=\"yoast-schema-graph\">{\"@context\":\"https:\\\/\\\/schema.org\",\"@graph\":[{\"@type\":\"Article\",\"@id\":\"https:\\\/\\\/www.lesjardinsdejosephine.fr\\\/en\\\/2023\\\/06\\\/15\\\/les-nenuphars-des-jardins-de-josephine\\\/#article\",\"isPartOf\":{\"@id\":\"https:\\\/\\\/www.lesjardinsdejosephine.fr\\\/en\\\/2023\\\/06\\\/15\\\/les-nenuphars-des-jardins-de-josephine\\\/\"},\"author\":{\"name\":\"pdelugeau@legoupil-industrie.com\",\"@id\":\"https:\\\/\\\/www.lesjardinsdejosephine.fr\\\/en\\\/#\\\/schema\\\/person\\\/02ae3b91563ee0298822504deca96870\"},\"headline\":\"The water lilies of the Jardins de Jos\u00e9phine: art and poetry\",\"datePublished\":\"2023-06-15T13:48:52+00:00\",\"dateModified\":\"2023-10-19T14:54:11+00:00\",\"mainEntityOfPage\":{\"@id\":\"https:\\\/\\\/www.lesjardinsdejosephine.fr\\\/en\\\/2023\\\/06\\\/15\\\/les-nenuphars-des-jardins-de-josephine\\\/\"},\"wordCount\":12,\"commentCount\":0,\"publisher\":{\"@id\":\"https:\\\/\\\/www.lesjardinsdejosephine.fr\\\/en\\\/#organization\"},\"articleSection\":[\"Non classifi\u00e9(e)\"],\"inLanguage\":\"en-US\",\"potentialAction\":[{\"@type\":\"CommentAction\",\"name\":\"Comment\",\"target\":[\"https:\\\/\\\/www.lesjardinsdejosephine.fr\\\/en\\\/2023\\\/06\\\/15\\\/les-nenuphars-des-jardins-de-josephine\\\/#respond\"]}]},{\"@type\":\"WebPage\",\"@id\":\"https:\\\/\\\/www.lesjardinsdejosephine.fr\\\/en\\\/2023\\\/06\\\/15\\\/les-nenuphars-des-jardins-de-josephine\\\/\",\"url\":\"https:\\\/\\\/www.lesjardinsdejosephine.fr\\\/en\\\/2023\\\/06\\\/15\\\/les-nenuphars-des-jardins-de-josephine\\\/\",\"name\":\"The water lilies of the Jardins de Jos\u00e9phine: art and poetry - Les jardins de Jos\u00e9phine\",\"isPartOf\":{\"@id\":\"https:\\\/\\\/www.lesjardinsdejosephine.fr\\\/en\\\/#website\"},\"datePublished\":\"2023-06-15T13:48:52+00:00\",\"dateModified\":\"2023-10-19T14:54:11+00:00\",\"description\":\"Les n\u00e9nuphars ont \u00e9clos dans le bassin des Jardins de Jos\u00e9phine, vestige historique de l\u2019ancien Jardin de Navarre pens\u00e9 par Andr\u00e9 Le N\u00f4tre.\",\"breadcrumb\":{\"@id\":\"https:\\\/\\\/www.lesjardinsdejosephine.fr\\\/en\\\/2023\\\/06\\\/15\\\/les-nenuphars-des-jardins-de-josephine\\\/#breadcrumb\"},\"inLanguage\":\"en-US\",\"potentialAction\":[{\"@type\":\"ReadAction\",\"target\":[\"https:\\\/\\\/www.lesjardinsdejosephine.fr\\\/en\\\/2023\\\/06\\\/15\\\/les-nenuphars-des-jardins-de-josephine\\\/\"]}]},{\"@type\":\"BreadcrumbList\",\"@id\":\"https:\\\/\\\/www.lesjardinsdejosephine.fr\\\/en\\\/2023\\\/06\\\/15\\\/les-nenuphars-des-jardins-de-josephine\\\/#breadcrumb\",\"itemListElement\":[{\"@type\":\"ListItem\",\"position\":1,\"name\":\"Accueil\",\"item\":\"https:\\\/\\\/www.lesjardinsdejosephine.fr\\\/en\\\/\"},{\"@type\":\"ListItem\",\"position\":2,\"name\":\"The water lilies of the Jardins de Jos\u00e9phine: art and poetry\"}]},{\"@type\":\"WebSite\",\"@id\":\"https:\\\/\\\/www.lesjardinsdejosephine.fr\\\/en\\\/#website\",\"url\":\"https:\\\/\\\/www.lesjardinsdejosephine.fr\\\/en\\\/\",\"name\":\"Les jardins de Jos\u00e9phine\",\"description\":\"Les jardins de Jos\u00e9phine\",\"publisher\":{\"@id\":\"https:\\\/\\\/www.lesjardinsdejosephine.fr\\\/en\\\/#organization\"},\"potentialAction\":[{\"@type\":\"SearchAction\",\"target\":{\"@type\":\"EntryPoint\",\"urlTemplate\":\"https:\\\/\\\/www.lesjardinsdejosephine.fr\\\/en\\\/?s={search_term_string}\"},\"query-input\":{\"@type\":\"PropertyValueSpecification\",\"valueRequired\":true,\"valueName\":\"search_term_string\"}}],\"inLanguage\":\"en-US\"},{\"@type\":\"Organization\",\"@id\":\"https:\\\/\\\/www.lesjardinsdejosephine.fr\\\/en\\\/#organization\",\"name\":\"Les jardins de Jos\u00e9phine\",\"url\":\"https:\\\/\\\/www.lesjardinsdejosephine.fr\\\/en\\\/\",\"logo\":{\"@type\":\"ImageObject\",\"inLanguage\":\"en-US\",\"@id\":\"https:\\\/\\\/www.lesjardinsdejosephine.fr\\\/en\\\/#\\\/schema\\\/logo\\\/image\\\/\",\"url\":\"https:\\\/\\\/www.lesjardinsdejosephine.fr\\\/wp-content\\\/uploads\\\/2023\\\/03\\\/JARDINSDEJOSEPHINE_logo_base.png\",\"contentUrl\":\"https:\\\/\\\/www.lesjardinsdejosephine.fr\\\/wp-content\\\/uploads\\\/2023\\\/03\\\/JARDINSDEJOSEPHINE_logo_base.png\",\"width\":1000,\"height\":1000,\"caption\":\"Les jardins de Jos\u00e9phine\"},\"image\":{\"@id\":\"https:\\\/\\\/www.lesjardinsdejosephine.fr\\\/en\\\/#\\\/schema\\\/logo\\\/image\\\/\"},\"sameAs\":[\"https:\\\/\\\/www.facebook.com\\\/LesJardinsDeJosephine.Evreux\\\/\"]},{\"@type\":\"Person\",\"@id\":\"https:\\\/\\\/www.lesjardinsdejosephine.fr\\\/en\\\/#\\\/schema\\\/person\\\/02ae3b91563ee0298822504deca96870\",\"name\":\"pdelugeau@legoupil-industrie.com\",\"image\":{\"@type\":\"ImageObject\",\"inLanguage\":\"en-US\",\"@id\":\"https:\\\/\\\/secure.gravatar.com\\\/avatar\\\/7931cbfe217c9a2014e72cb3b4783892f6c944dabc387ad10613832ddbea0554?s=96&d=mm&r=g\",\"url\":\"https:\\\/\\\/secure.gravatar.com\\\/avatar\\\/7931cbfe217c9a2014e72cb3b4783892f6c944dabc387ad10613832ddbea0554?s=96&d=mm&r=g\",\"contentUrl\":\"https:\\\/\\\/secure.gravatar.com\\\/avatar\\\/7931cbfe217c9a2014e72cb3b4783892f6c944dabc387ad10613832ddbea0554?s=96&d=mm&r=g\",\"caption\":\"pdelugeau@legoupil-industrie.com\"},\"url\":\"https:\\\/\\\/www.lesjardinsdejosephine.fr\\\/en\\\/author\\\/pdelugeaulegoupil-industrie-com\\\/\"}]}<\/script>\n<!-- \/ Yoast SEO plugin. -->","yoast_head_json":{"title":"The water lilies of the Jardins de Jos\u00e9phine: art and poetry - Les jardins de Jos\u00e9phine","description":"Les n\u00e9nuphars ont \u00e9clos dans le bassin des Jardins de Jos\u00e9phine, vestige historique de l\u2019ancien Jardin de Navarre pens\u00e9 par Andr\u00e9 Le N\u00f4tre.","robots":{"index":"index","follow":"follow","max-snippet":"max-snippet:-1","max-image-preview":"max-image-preview:large","max-video-preview":"max-video-preview:-1"},"canonical":"https:\/\/www.lesjardinsdejosephine.fr\/en\/2023\/06\/15\/les-nenuphars-des-jardins-de-josephine\/","og_locale":"en_US","og_type":"article","og_title":"The water lilies of the Jardins de Jos\u00e9phine: art and poetry - Les jardins de Jos\u00e9phine","og_description":"Les n\u00e9nuphars ont \u00e9clos dans le bassin des Jardins de Jos\u00e9phine, vestige historique de l\u2019ancien Jardin de Navarre pens\u00e9 par Andr\u00e9 Le N\u00f4tre.","og_url":"https:\/\/www.lesjardinsdejosephine.fr\/en\/2023\/06\/15\/les-nenuphars-des-jardins-de-josephine\/","og_site_name":"Les jardins de Jos\u00e9phine","article_publisher":"https:\/\/www.facebook.com\/LesJardinsDeJosephine.Evreux\/","article_published_time":"2023-06-15T13:48:52+00:00","article_modified_time":"2023-10-19T14:54:11+00:00","author":"pdelugeau@legoupil-industrie.com","twitter_card":"summary_large_image","twitter_misc":{"Written by":"pdelugeau@legoupil-industrie.com"},"schema":{"@context":"https:\/\/schema.org","@graph":[{"@type":"Article","@id":"https:\/\/www.lesjardinsdejosephine.fr\/en\/2023\/06\/15\/les-nenuphars-des-jardins-de-josephine\/#article","isPartOf":{"@id":"https:\/\/www.lesjardinsdejosephine.fr\/en\/2023\/06\/15\/les-nenuphars-des-jardins-de-josephine\/"},"author":{"name":"pdelugeau@legoupil-industrie.com","@id":"https:\/\/www.lesjardinsdejosephine.fr\/en\/#\/schema\/person\/02ae3b91563ee0298822504deca96870"},"headline":"The water lilies of the Jardins de Jos\u00e9phine: art and poetry","datePublished":"2023-06-15T13:48:52+00:00","dateModified":"2023-10-19T14:54:11+00:00","mainEntityOfPage":{"@id":"https:\/\/www.lesjardinsdejosephine.fr\/en\/2023\/06\/15\/les-nenuphars-des-jardins-de-josephine\/"},"wordCount":12,"commentCount":0,"publisher":{"@id":"https:\/\/www.lesjardinsdejosephine.fr\/en\/#organization"},"articleSection":["Non classifi\u00e9(e)"],"inLanguage":"en-US","potentialAction":[{"@type":"CommentAction","name":"Comment","target":["https:\/\/www.lesjardinsdejosephine.fr\/en\/2023\/06\/15\/les-nenuphars-des-jardins-de-josephine\/#respond"]}]},{"@type":"WebPage","@id":"https:\/\/www.lesjardinsdejosephine.fr\/en\/2023\/06\/15\/les-nenuphars-des-jardins-de-josephine\/","url":"https:\/\/www.lesjardinsdejosephine.fr\/en\/2023\/06\/15\/les-nenuphars-des-jardins-de-josephine\/","name":"The water lilies of the Jardins de Jos\u00e9phine: art and poetry - Les jardins de Jos\u00e9phine","isPartOf":{"@id":"https:\/\/www.lesjardinsdejosephine.fr\/en\/#website"},"datePublished":"2023-06-15T13:48:52+00:00","dateModified":"2023-10-19T14:54:11+00:00","description":"Les n\u00e9nuphars ont \u00e9clos dans le bassin des Jardins de Jos\u00e9phine, vestige historique de l\u2019ancien Jardin de Navarre pens\u00e9 par Andr\u00e9 Le N\u00f4tre.","breadcrumb":{"@id":"https:\/\/www.lesjardinsdejosephine.fr\/en\/2023\/06\/15\/les-nenuphars-des-jardins-de-josephine\/#breadcrumb"},"inLanguage":"en-US","potentialAction":[{"@type":"ReadAction","target":["https:\/\/www.lesjardinsdejosephine.fr\/en\/2023\/06\/15\/les-nenuphars-des-jardins-de-josephine\/"]}]},{"@type":"BreadcrumbList","@id":"https:\/\/www.lesjardinsdejosephine.fr\/en\/2023\/06\/15\/les-nenuphars-des-jardins-de-josephine\/#breadcrumb","itemListElement":[{"@type":"ListItem","position":1,"name":"Accueil","item":"https:\/\/www.lesjardinsdejosephine.fr\/en\/"},{"@type":"ListItem","position":2,"name":"The water lilies of the Jardins de Jos\u00e9phine: art and poetry"}]},{"@type":"WebSite","@id":"https:\/\/www.lesjardinsdejosephine.fr\/en\/#website","url":"https:\/\/www.lesjardinsdejosephine.fr\/en\/","name":"Les jardins de Jos\u00e9phine","description":"Les jardins de Jos\u00e9phine","publisher":{"@id":"https:\/\/www.lesjardinsdejosephine.fr\/en\/#organization"},"potentialAction":[{"@type":"SearchAction","target":{"@type":"EntryPoint","urlTemplate":"https:\/\/www.lesjardinsdejosephine.fr\/en\/?s={search_term_string}"},"query-input":{"@type":"PropertyValueSpecification","valueRequired":true,"valueName":"search_term_string"}}],"inLanguage":"en-US"},{"@type":"Organization","@id":"https:\/\/www.lesjardinsdejosephine.fr\/en\/#organization","name":"Les jardins de Jos\u00e9phine","url":"https:\/\/www.lesjardinsdejosephine.fr\/en\/","logo":{"@type":"ImageObject","inLanguage":"en-US","@id":"https:\/\/www.lesjardinsdejosephine.fr\/en\/#\/schema\/logo\/image\/","url":"https:\/\/www.lesjardinsdejosephine.fr\/wp-content\/uploads\/2023\/03\/JARDINSDEJOSEPHINE_logo_base.png","contentUrl":"https:\/\/www.lesjardinsdejosephine.fr\/wp-content\/uploads\/2023\/03\/JARDINSDEJOSEPHINE_logo_base.png","width":1000,"height":1000,"caption":"Les jardins de Jos\u00e9phine"},"image":{"@id":"https:\/\/www.lesjardinsdejosephine.fr\/en\/#\/schema\/logo\/image\/"},"sameAs":["https:\/\/www.facebook.com\/LesJardinsDeJosephine.Evreux\/"]},{"@type":"Person","@id":"https:\/\/www.lesjardinsdejosephine.fr\/en\/#\/schema\/person\/02ae3b91563ee0298822504deca96870","name":"pdelugeau@legoupil-industrie.com","image":{"@type":"ImageObject","inLanguage":"en-US","@id":"https:\/\/secure.gravatar.com\/avatar\/7931cbfe217c9a2014e72cb3b4783892f6c944dabc387ad10613832ddbea0554?s=96&d=mm&r=g","url":"https:\/\/secure.gravatar.com\/avatar\/7931cbfe217c9a2014e72cb3b4783892f6c944dabc387ad10613832ddbea0554?s=96&d=mm&r=g","contentUrl":"https:\/\/secure.gravatar.com\/avatar\/7931cbfe217c9a2014e72cb3b4783892f6c944dabc387ad10613832ddbea0554?s=96&d=mm&r=g","caption":"pdelugeau@legoupil-industrie.com"},"url":"https:\/\/www.lesjardinsdejosephine.fr\/en\/author\/pdelugeaulegoupil-industrie-com\/"}]}},"_links":{"self":[{"href":"https:\/\/www.lesjardinsdejosephine.fr\/en\/wp-json\/wp\/v2\/posts\/1081","targetHints":{"allow":["GET"]}}],"collection":[{"href":"https:\/\/www.lesjardinsdejosephine.fr\/en\/wp-json\/wp\/v2\/posts"}],"about":[{"href":"https:\/\/www.lesjardinsdejosephine.fr\/en\/wp-json\/wp\/v2\/types\/post"}],"author":[{"embeddable":true,"href":"https:\/\/www.lesjardinsdejosephine.fr\/en\/wp-json\/wp\/v2\/users\/2"}],"replies":[{"embeddable":true,"href":"https:\/\/www.lesjardinsdejosephine.fr\/en\/wp-json\/wp\/v2\/comments?post=1081"}],"version-history":[{"count":2,"href":"https:\/\/www.lesjardinsdejosephine.fr\/en\/wp-json\/wp\/v2\/posts\/1081\/revisions"}],"predecessor-version":[{"id":1130,"href":"https:\/\/www.lesjardinsdejosephine.fr\/en\/wp-json\/wp\/v2\/posts\/1081\/revisions\/1130"}],"wp:attachment":[{"href":"https:\/\/www.lesjardinsdejosephine.fr\/en\/wp-json\/wp\/v2\/media?parent=1081"}],"wp:term":[{"taxonomy":"category","embeddable":true,"href":"https:\/\/www.lesjardinsdejosephine.fr\/en\/wp-json\/wp\/v2\/categories?post=1081"},{"taxonomy":"post_tag","embeddable":true,"href":"https:\/\/www.lesjardinsdejosephine.fr\/en\/wp-json\/wp\/v2\/tags?post=1081"}],"curies":[{"name":"wp","href":"https:\/\/api.w.org\/{rel}","templated":true}]}}